{"id":6101,"date":"2026-01-04T05:45:56","date_gmt":"2026-01-04T04:45:56","guid":{"rendered":"https:\/\/un-autre-regard.org\/?p=6101"},"modified":"2026-01-04T06:21:49","modified_gmt":"2026-01-04T05:21:49","slug":"carte-blanche","status":"publish","type":"post","link":"https:\/\/un-autre-regard.org\/index.php\/2026\/01\/04\/carte-blanche\/","title":{"rendered":"\u2022 Prochaine exposition"},"content":{"rendered":"\n<p>Pour commencer l&rsquo;ann\u00e9e 2026, nous vous proposons, du 13 au 30 janvier, une exposition photographique dans la <em>Galerie<\/em> de la Maison de la vie associative d&rsquo;Arles (voir affiche ci-dessous).<\/p>\n<p>Pas de th\u00e8me pour cette animation, mais une &lsquo;carte blanche&rsquo; \u00e0 8 de nos adh\u00e9rents.<\/p>\n<p>Bonne d\u00e9couverte !<\/p>\n<p><img fetchpriority=\"high\" decoding=\"async\" class=\"alignnone size-medium wp-image-6104\" src=\"https:\/\/un-autre-regard.org\/wp-content\/uploads\/2026\/01\/r_2026_mdva_affiche.jpgl_-213x300.jpg\" alt=\"\" width=\"213\" height=\"300\" srcset=\"https:\/\/un-autre-regard.org\/wp-content\/uploads\/2026\/01\/r_2026_mdva_affiche.jpgl_-213x300.jpg 213w, https:\/\/un-autre-regard.org\/wp-content\/uploads\/2026\/01\/r_2026_mdva_affiche.jpgl_-728x1024.jpg 728w, https:\/\/un-autre-regard.org\/wp-content\/uploads\/2026\/01\/r_2026_mdva_affiche.jpgl_.jpg 768w\" sizes=\"(max-width: 213px) 100vw, 213px\" \/><\/p>\n<p>\u00a0<\/p>\n","protected":false},"excerpt":{"rendered":"<p>Pour commencer l&rsquo;ann\u00e9e 2026, nous vous proposons, du 13 au 30 janvier, une exposition photographique dans la Galerie de la Maison de la vie associative d&rsquo;Arles (voir affiche ci-dessous). Pas de th\u00e8me pour cette animation, mais une &lsquo;carte blanche&rsquo; \u00e0 8 de nos adh\u00e9rents. Bonne d\u00e9couverte ! \u00a0<\/p>\n","protected":false},"author":1,"featured_media":0,"comment_status":"open","ping_status":"closed","sticky":false,"template":"","format":"standard","meta":{"footnotes":""},"categories":[5],"tags":[],"class_list":["post-6101","post","type-post","status-publish","format-standard","hentry","category-actualites"],"_links":{"self":[{"href":"https:\/\/un-autre-regard.org\/index.php\/wp-json\/wp\/v2\/posts\/6101","targetHints":{"allow":["GET"]}}],"collection":[{"href":"https:\/\/un-autre-regard.org\/index.php\/wp-json\/wp\/v2\/posts"}],"about":[{"href":"https:\/\/un-autre-regard.org\/index.php\/wp-json\/wp\/v2\/types\/post"}],"author":[{"embeddable":true,"href":"https:\/\/un-autre-regard.org\/index.php\/wp-json\/wp\/v2\/users\/1"}],"replies":[{"embeddable":true,"href":"https:\/\/un-autre-regard.org\/index.php\/wp-json\/wp\/v2\/comments?post=6101"}],"version-history":[{"count":4,"href":"https:\/\/un-autre-regard.org\/index.php\/wp-json\/wp\/v2\/posts\/6101\/revisions"}],"predecessor-version":[{"id":6112,"href":"https:\/\/un-autre-regard.org\/index.php\/wp-json\/wp\/v2\/posts\/6101\/revisions\/6112"}],"wp:attachment":[{"href":"https:\/\/un-autre-regard.org\/index.php\/wp-json\/wp\/v2\/media?parent=6101"}],"wp:term":[{"taxonomy":"category","embeddable":true,"href":"https:\/\/un-autre-regard.org\/index.php\/wp-json\/wp\/v2\/categories?post=6101"},{"taxonomy":"post_tag","embeddable":true,"href":"https:\/\/un-autre-regard.org\/index.php\/wp-json\/wp\/v2\/tags?post=6101"}],"curies":[{"name":"wp","href":"https:\/\/api.w.org\/{rel}","templated":true}]}}